{"id":2420,"date":"2019-04-28T17:27:03","date_gmt":"2019-04-28T17:27:03","guid":{"rendered":"https:\/\/hosting.uandb.hu\/de-mit-is-jelent-az-hogy-jo-szinvonalu-lakas\/"},"modified":"2020-05-14T12:10:51","modified_gmt":"2020-05-14T12:10:51","slug":"de-mit-is-jelent-az-hogy-jo-szinvonalu-lakas","status":"publish","type":"post","link":"https:\/\/hosting.uandb.hu\/en\/de-mit-is-jelent-az-hogy-jo-szinvonalu-lakas\/","title":{"rendered":"De mit is jelent az, hogy \u201cj\u00f3 sz\u00ednvonal\u00fa lak\u00e1s\u201d ?"},"content":{"rendered":"<p><\/p>\r\n<p>Felvet\u0151d\u00f6tt k\u00e9rd\u00e9sk\u00e9nt, hogy mit is \u00e9rt\u00fcnk azon a \u201cj\u00f3 sz\u00ednvonalon\u201d, amit emleget\u00fcnk az oldalon \u00e9s amely n\u00e9lk\u00fcl \u00fagy \u00e9rezz\u00fck nem \u00e9rdemed ma m\u00e1r r\u00f6vidt\u00e1v\u00fa lak\u00e1skiad\u00e1sba fogni. \u00cdme a ter\u00fclet specialist\u00e1j\u00e1nak Kat\u00e1nak a v\u00e1lasza:<\/p>\r\n<p>A lak\u00e1sok berendez\u00e9s\u00e9n\u00e9l az \u00edzl\u00e9ses megjelen\u00e9s mellett kiemelked\u0151en fontos a k\u00e9nyelem. Nem szabad elfelejteni, hogy az idel\u00e1togat\u00f3k ak\u00e1r kikapcsol\u00f3d\u00e1s, ak\u00e1r munka miatt l\u00e1togatnak Budapestre, a lak\u00e1st els\u0151 sorban pihen\u00e9sre haszn\u00e1lj\u00e1k. Az \u00e1gyak m\u00e9rete, a matracok k\u00e9nyelmi szintje, az \u00e1gynem\u0171 min\u0151s\u00e9ge, a p\u00e1rn\u00e1k sz\u00e1ma az, ami a legink\u00e1bb meghat\u00e1rozza az itt t\u00f6lt\u00f6tt napokat \u2013 egy k\u00e9nyelmetlen \u00e1gyon t\u00f6ltve p\u00e1r napot nem lesz sz\u00e9p \u00e9lm\u00e9ny\u00fcnk a nyaral\u00e1sunkr\u00f3l. Teh\u00e1t ak\u00e1rmilyen st\u00edlus\u00fa, m\u00e9ret\u0171, \u00e9s felszerelts\u00e9g\u0171 legyen is egy lak\u00e1s, a pihen\u00e9shez \u00e9s kikapcsol\u00f3d\u00e1shoz sz\u00fcks\u00e9ges felt\u00e9teleket magas sz\u00ednvonalon kell ny\u00fajtani.<\/p>\r\n<p>A lak\u00e1sok kialak\u00edt\u00e1s\u00e1n\u00e1l minden esetben t\u00f6reksz\u00fcnk az otthonoss\u00e1g \u00e9rzet\u00e9nek kialak\u00edt\u00e1s\u00e1ra, a j\u00f3l haszn\u00e1lhat\u00f3, m\u00e9gis mutat\u00f3s, \u00e9s min\u0151s\u00e9get k\u00e9pvisel\u0151 b\u00fatorok \u00e9s egy\u00e9b haszn\u00e1lati t\u00e1rgyak beszerz\u00e9s\u00e9re. A kab\u00e1tok, b\u0151r\u00f6nd\u00f6k, t\u00e1sk\u00e1k egy\u00e9b utaz\u00f3 felszerel\u00e9sek k\u00f6nny\u0171 elhelyezhet\u0151s\u00e9ge, a k\u00e9nyelmesen haszn\u00e1lhat\u00f3 t\u00e1rol\u00f3k, szekr\u00e9nyek, ak\u00e1r nyitott akaszt\u00f3s rendszerek, nagyban seg\u00edtik a hozz\u00e1nk \u00e9rkez\u0151k komfortoss\u00e1g\u00e1t. A munk\u00e1hoz vagy pihen\u00e9shez kialak\u00edtott olvas\u00f3- vagy dolgoz\u00f3 sarok, a megfelel\u0151 vil\u00e1g\u00edt\u00e1ssal mindig telital\u00e1lat.<\/p>\r\n<p>A m\u00e1sik nagyon fontos szempont, ami miatt nem a sz\u00e1llod\u00e1t v\u00e1lasztj\u00e1k sokan nyaral\u00e1sukkor, az a konyha. Fontos az egyszer\u0171 \u00e9s j\u00f3l \u00e1tl\u00e1that\u00f3 rendszerez\u00e9s, \u00e9s az \u00f6sszes sz\u00fcks\u00e9ges konyhai felszerel\u00e9s beszerz\u00e9se\u2013 a luxus min\u0151s\u00e9g\u0171 lak\u00e1sokn\u00e1l a magas sz\u00ednvonal\u00fa k\u00e1v\u00e9f\u0151z\u0151 p\u00e9ld\u00e1ul elengedhetetlen tartoz\u00e9k.<\/p>\r\n<p>Sosem szabad megfeledkezni a \u201ekis\u201d dolgokr\u00f3l sem, a szem\u00e9lyess\u00e9 t\u00e9tel (\u00fcdv\u00f6zl\u0151 t\u00e1bla), a kiemelten kezelt \u00e9rdekess\u00e9gek (pl: kort\u00e1rs budapesti k\u00e9pz\u0151m\u0171v\u00e9sz \u00e1ltal k\u00e9sz\u00fclt nyomat ker\u00fcl k\u00e9pk\u00e9nt a falra), a visszajelz\u00e9s lehet\u0151s\u00e9ge (vend\u00e9gk\u00f6nyv, vagy m\u00e1gneses t\u00e1bla) mind-mind nagyban el\u0151seg\u00edti, hogy vend\u00e9geink j\u00f3l \u00e9rezz\u00e9k magukat ittl\u00e9t\u00fck sor\u00e1n.<\/p>\r\n<p><\/p>","protected":false},"excerpt":{"rendered":"<p>Felvet\u0151d\u00f6tt k\u00e9rd\u00e9sk\u00e9nt, hogy mit is \u00e9rt\u00fcnk azon a \u201cj\u00f3 sz\u00ednvonalon\u201d, amit emleget\u00fcnk az oldalon \u00e9s amely n\u00e9lk\u00fcl \u00fagy \u00e9rezz\u00fck nem \u00e9rdemed ma m\u00e1r r\u00f6vidt\u00e1v\u00fa lak\u00e1skiad\u00e1sba fogni. \u00cdme a ter\u00fclet specialist\u00e1j\u00e1nak Kat\u00e1nak a v\u00e1lasza: A lak\u00e1sok berendez\u00e9s\u00e9n\u00e9l az \u00edzl\u00e9ses megjelen\u00e9s mellett kiemelked\u0151en fontos a k\u00e9nyelem. Nem szabad elfelejteni, hogy az idel\u00e1togat\u00f3k ak\u00e1r kikapcsol\u00f3d\u00e1s, ak\u00e1r munka miatt [&hellip;]<\/p>\n","protected":false},"author":1,"featured_media":2421,"comment_status":"closed","ping_status":"closed","sticky":false,"template":"","format":"standard","meta":{"footnotes":""},"categories":[25],"tags":[],"class_list":["post-2420","post","type-post","status-publish","format-standard","has-post-thumbnail","hentry","category-news-en"],"yoast_head":"<!-- This site is optimized with the Yoast SEO plugin v26.8 - https:\/\/yoast.com\/product\/yoast-seo-wordpress\/ -->\n<title>De mit is jelent az, hogy \u201cj\u00f3 sz\u00ednvonal\u00fa lak\u00e1s\u201d ? - U&amp;B Management<\/title>\n<meta name=\"robots\" content=\"index, follow, max-snippet:-1, max-image-preview:large, max-video-preview:-1\" \/>\n<link rel=\"canonical\" href=\"https:\/\/hosting.uandb.hu\/en\/de-mit-is-jelent-az-hogy-jo-szinvonalu-lakas\/\" \/>\n<meta property=\"og:locale\" content=\"en_US\" \/>\n<meta property=\"og:type\" content=\"article\" \/>\n<meta property=\"og:title\" content=\"De mit is jelent az, hogy \u201cj\u00f3 sz\u00ednvonal\u00fa lak\u00e1s\u201d ? - U&amp;B Management\" \/>\n<meta property=\"og:description\" content=\"Felvet\u0151d\u00f6tt k\u00e9rd\u00e9sk\u00e9nt, hogy mit is \u00e9rt\u00fcnk azon a \u201cj\u00f3 sz\u00ednvonalon\u201d, amit emleget\u00fcnk az oldalon \u00e9s amely n\u00e9lk\u00fcl \u00fagy \u00e9rezz\u00fck nem \u00e9rdemed ma m\u00e1r r\u00f6vidt\u00e1v\u00fa lak\u00e1skiad\u00e1sba fogni. \u00cdme a ter\u00fclet specialist\u00e1j\u00e1nak Kat\u00e1nak a v\u00e1lasza: A lak\u00e1sok berendez\u00e9s\u00e9n\u00e9l az \u00edzl\u00e9ses megjelen\u00e9s mellett kiemelked\u0151en fontos a k\u00e9nyelem. Nem szabad elfelejteni, hogy az idel\u00e1togat\u00f3k ak\u00e1r kikapcsol\u00f3d\u00e1s, ak\u00e1r munka miatt [&hellip;]\" \/>\n<meta property=\"og:url\" content=\"https:\/\/hosting.uandb.hu\/en\/de-mit-is-jelent-az-hogy-jo-szinvonalu-lakas\/\" \/>\n<meta property=\"og:site_name\" content=\"U&amp;B Management\" \/>\n<meta property=\"article:published_time\" content=\"2019-04-28T17:27:03+00:00\" \/>\n<meta property=\"article:modified_time\" content=\"2020-05-14T12:10:51+00:00\" \/>\n<meta property=\"og:image\" content=\"https:\/\/hosting.uandb.hu\/wp-content\/uploads\/2019\/04\/foodalikep-845x684.jpg\" \/>\n\t<meta property=\"og:image:width\" content=\"845\" \/>\n\t<meta property=\"og:image:height\" content=\"684\" \/>\n\t<meta property=\"og:image:type\" content=\"image\/jpeg\" \/>\n<meta name=\"author\" content=\"fokezelo\" \/>\n<meta name=\"twitter:card\" content=\"summary_large_image\" \/>\n<meta name=\"twitter:label1\" content=\"Written by\" \/>\n\t<meta name=\"twitter:data1\" content=\"fokezelo\" \/>\n\t<meta name=\"twitter:label2\" content=\"Est. reading time\" \/>\n\t<meta name=\"twitter:data2\" content=\"2 minutes\" \/>\n<script type=\"application\/ld+json\" class=\"yoast-schema-graph\">{\"@context\":\"https:\/\/schema.org\",\"@graph\":[{\"@type\":\"Article\",\"@id\":\"https:\/\/hosting.uandb.hu\/en\/de-mit-is-jelent-az-hogy-jo-szinvonalu-lakas\/#article\",\"isPartOf\":{\"@id\":\"https:\/\/hosting.uandb.hu\/en\/de-mit-is-jelent-az-hogy-jo-szinvonalu-lakas\/\"},\"author\":{\"name\":\"fokezelo\",\"@id\":\"https:\/\/hosting.uandb.hu\/#\/schema\/person\/eb32322a0bb47855c9f5e35b8a8188e0\"},\"headline\":\"De mit is jelent az, hogy \u201cj\u00f3 sz\u00ednvonal\u00fa lak\u00e1s\u201d ?\",\"datePublished\":\"2019-04-28T17:27:03+00:00\",\"dateModified\":\"2020-05-14T12:10:51+00:00\",\"mainEntityOfPage\":{\"@id\":\"https:\/\/hosting.uandb.hu\/en\/de-mit-is-jelent-az-hogy-jo-szinvonalu-lakas\/\"},\"wordCount\":459,\"image\":{\"@id\":\"https:\/\/hosting.uandb.hu\/en\/de-mit-is-jelent-az-hogy-jo-szinvonalu-lakas\/#primaryimage\"},\"thumbnailUrl\":\"https:\/\/hosting.uandb.hu\/wp-content\/uploads\/2019\/04\/foodalikep-845x684.jpg\",\"articleSection\":[\"news\"],\"inLanguage\":\"en-US\"},{\"@type\":\"WebPage\",\"@id\":\"https:\/\/hosting.uandb.hu\/en\/de-mit-is-jelent-az-hogy-jo-szinvonalu-lakas\/\",\"url\":\"https:\/\/hosting.uandb.hu\/en\/de-mit-is-jelent-az-hogy-jo-szinvonalu-lakas\/\",\"name\":\"De mit is jelent az, hogy \u201cj\u00f3 sz\u00ednvonal\u00fa lak\u00e1s\u201d ? - U&amp;B Management\",\"isPartOf\":{\"@id\":\"https:\/\/hosting.uandb.hu\/#website\"},\"primaryImageOfPage\":{\"@id\":\"https:\/\/hosting.uandb.hu\/en\/de-mit-is-jelent-az-hogy-jo-szinvonalu-lakas\/#primaryimage\"},\"image\":{\"@id\":\"https:\/\/hosting.uandb.hu\/en\/de-mit-is-jelent-az-hogy-jo-szinvonalu-lakas\/#primaryimage\"},\"thumbnailUrl\":\"https:\/\/hosting.uandb.hu\/wp-content\/uploads\/2019\/04\/foodalikep-845x684.jpg\",\"datePublished\":\"2019-04-28T17:27:03+00:00\",\"dateModified\":\"2020-05-14T12:10:51+00:00\",\"author\":{\"@id\":\"https:\/\/hosting.uandb.hu\/#\/schema\/person\/eb32322a0bb47855c9f5e35b8a8188e0\"},\"breadcrumb\":{\"@id\":\"https:\/\/hosting.uandb.hu\/en\/de-mit-is-jelent-az-hogy-jo-szinvonalu-lakas\/#breadcrumb\"},\"inLanguage\":\"en-US\",\"potentialAction\":[{\"@type\":\"ReadAction\",\"target\":[\"https:\/\/hosting.uandb.hu\/en\/de-mit-is-jelent-az-hogy-jo-szinvonalu-lakas\/\"]}]},{\"@type\":\"ImageObject\",\"inLanguage\":\"en-US\",\"@id\":\"https:\/\/hosting.uandb.hu\/en\/de-mit-is-jelent-az-hogy-jo-szinvonalu-lakas\/#primaryimage\",\"url\":\"https:\/\/hosting.uandb.hu\/wp-content\/uploads\/2019\/04\/foodalikep-845x684.jpg\",\"contentUrl\":\"https:\/\/hosting.uandb.hu\/wp-content\/uploads\/2019\/04\/foodalikep-845x684.jpg\",\"width\":845,\"height\":684},{\"@type\":\"BreadcrumbList\",\"@id\":\"https:\/\/hosting.uandb.hu\/en\/de-mit-is-jelent-az-hogy-jo-szinvonalu-lakas\/#breadcrumb\",\"itemListElement\":[{\"@type\":\"ListItem\",\"position\":1,\"name\":\"Kezd\u0151lap\",\"item\":\"https:\/\/hosting.uandb.hu\/en\/\"},{\"@type\":\"ListItem\",\"position\":2,\"name\":\"De mit is jelent az, hogy \u201cj\u00f3 sz\u00ednvonal\u00fa lak\u00e1s\u201d ?\"}]},{\"@type\":\"WebSite\",\"@id\":\"https:\/\/hosting.uandb.hu\/#website\",\"url\":\"https:\/\/hosting.uandb.hu\/\",\"name\":\"U&amp;B Management\",\"description\":\"R\u00f6vid t\u00e1v\u00fa lak\u00e1skiad\u00e1s\",\"potentialAction\":[{\"@type\":\"SearchAction\",\"target\":{\"@type\":\"EntryPoint\",\"urlTemplate\":\"https:\/\/hosting.uandb.hu\/?s={search_term_string}\"},\"query-input\":{\"@type\":\"PropertyValueSpecification\",\"valueRequired\":true,\"valueName\":\"search_term_string\"}}],\"inLanguage\":\"en-US\"},{\"@type\":\"Person\",\"@id\":\"https:\/\/hosting.uandb.hu\/#\/schema\/person\/eb32322a0bb47855c9f5e35b8a8188e0\",\"name\":\"fokezelo\",\"image\":{\"@type\":\"ImageObject\",\"inLanguage\":\"en-US\",\"@id\":\"https:\/\/hosting.uandb.hu\/#\/schema\/person\/image\/\",\"url\":\"https:\/\/secure.gravatar.com\/avatar\/44b382aeac9bebdba88dd79fba27813b?s=96&d=mm&r=g\",\"contentUrl\":\"https:\/\/secure.gravatar.com\/avatar\/44b382aeac9bebdba88dd79fba27813b?s=96&d=mm&r=g\",\"caption\":\"fokezelo\"},\"url\":\"https:\/\/hosting.uandb.hu\/en\/author\/fokezelo\/\"}]}<\/script>\n<!-- \/ Yoast SEO plugin. -->","yoast_head_json":{"title":"De mit is jelent az, hogy \u201cj\u00f3 sz\u00ednvonal\u00fa lak\u00e1s\u201d ? - U&amp;B Management","robots":{"index":"index","follow":"follow","max-snippet":"max-snippet:-1","max-image-preview":"max-image-preview:large","max-video-preview":"max-video-preview:-1"},"canonical":"https:\/\/hosting.uandb.hu\/en\/de-mit-is-jelent-az-hogy-jo-szinvonalu-lakas\/","og_locale":"en_US","og_type":"article","og_title":"De mit is jelent az, hogy \u201cj\u00f3 sz\u00ednvonal\u00fa lak\u00e1s\u201d ? - U&amp;B Management","og_description":"Felvet\u0151d\u00f6tt k\u00e9rd\u00e9sk\u00e9nt, hogy mit is \u00e9rt\u00fcnk azon a \u201cj\u00f3 sz\u00ednvonalon\u201d, amit emleget\u00fcnk az oldalon \u00e9s amely n\u00e9lk\u00fcl \u00fagy \u00e9rezz\u00fck nem \u00e9rdemed ma m\u00e1r r\u00f6vidt\u00e1v\u00fa lak\u00e1skiad\u00e1sba fogni. \u00cdme a ter\u00fclet specialist\u00e1j\u00e1nak Kat\u00e1nak a v\u00e1lasza: A lak\u00e1sok berendez\u00e9s\u00e9n\u00e9l az \u00edzl\u00e9ses megjelen\u00e9s mellett kiemelked\u0151en fontos a k\u00e9nyelem. Nem szabad elfelejteni, hogy az idel\u00e1togat\u00f3k ak\u00e1r kikapcsol\u00f3d\u00e1s, ak\u00e1r munka miatt [&hellip;]","og_url":"https:\/\/hosting.uandb.hu\/en\/de-mit-is-jelent-az-hogy-jo-szinvonalu-lakas\/","og_site_name":"U&amp;B Management","article_published_time":"2019-04-28T17:27:03+00:00","article_modified_time":"2020-05-14T12:10:51+00:00","og_image":[{"width":845,"height":684,"url":"https:\/\/hosting.uandb.hu\/wp-content\/uploads\/2019\/04\/foodalikep-845x684.jpg","type":"image\/jpeg"}],"author":"fokezelo","twitter_card":"summary_large_image","twitter_misc":{"Written by":"fokezelo","Est. reading time":"2 minutes"},"schema":{"@context":"https:\/\/schema.org","@graph":[{"@type":"Article","@id":"https:\/\/hosting.uandb.hu\/en\/de-mit-is-jelent-az-hogy-jo-szinvonalu-lakas\/#article","isPartOf":{"@id":"https:\/\/hosting.uandb.hu\/en\/de-mit-is-jelent-az-hogy-jo-szinvonalu-lakas\/"},"author":{"name":"fokezelo","@id":"https:\/\/hosting.uandb.hu\/#\/schema\/person\/eb32322a0bb47855c9f5e35b8a8188e0"},"headline":"De mit is jelent az, hogy \u201cj\u00f3 sz\u00ednvonal\u00fa lak\u00e1s\u201d ?","datePublished":"2019-04-28T17:27:03+00:00","dateModified":"2020-05-14T12:10:51+00:00","mainEntityOfPage":{"@id":"https:\/\/hosting.uandb.hu\/en\/de-mit-is-jelent-az-hogy-jo-szinvonalu-lakas\/"},"wordCount":459,"image":{"@id":"https:\/\/hosting.uandb.hu\/en\/de-mit-is-jelent-az-hogy-jo-szinvonalu-lakas\/#primaryimage"},"thumbnailUrl":"https:\/\/hosting.uandb.hu\/wp-content\/uploads\/2019\/04\/foodalikep-845x684.jpg","articleSection":["news"],"inLanguage":"en-US"},{"@type":"WebPage","@id":"https:\/\/hosting.uandb.hu\/en\/de-mit-is-jelent-az-hogy-jo-szinvonalu-lakas\/","url":"https:\/\/hosting.uandb.hu\/en\/de-mit-is-jelent-az-hogy-jo-szinvonalu-lakas\/","name":"De mit is jelent az, hogy \u201cj\u00f3 sz\u00ednvonal\u00fa lak\u00e1s\u201d ? - U&amp;B Management","isPartOf":{"@id":"https:\/\/hosting.uandb.hu\/#website"},"primaryImageOfPage":{"@id":"https:\/\/hosting.uandb.hu\/en\/de-mit-is-jelent-az-hogy-jo-szinvonalu-lakas\/#primaryimage"},"image":{"@id":"https:\/\/hosting.uandb.hu\/en\/de-mit-is-jelent-az-hogy-jo-szinvonalu-lakas\/#primaryimage"},"thumbnailUrl":"https:\/\/hosting.uandb.hu\/wp-content\/uploads\/2019\/04\/foodalikep-845x684.jpg","datePublished":"2019-04-28T17:27:03+00:00","dateModified":"2020-05-14T12:10:51+00:00","author":{"@id":"https:\/\/hosting.uandb.hu\/#\/schema\/person\/eb32322a0bb47855c9f5e35b8a8188e0"},"breadcrumb":{"@id":"https:\/\/hosting.uandb.hu\/en\/de-mit-is-jelent-az-hogy-jo-szinvonalu-lakas\/#breadcrumb"},"inLanguage":"en-US","potentialAction":[{"@type":"ReadAction","target":["https:\/\/hosting.uandb.hu\/en\/de-mit-is-jelent-az-hogy-jo-szinvonalu-lakas\/"]}]},{"@type":"ImageObject","inLanguage":"en-US","@id":"https:\/\/hosting.uandb.hu\/en\/de-mit-is-jelent-az-hogy-jo-szinvonalu-lakas\/#primaryimage","url":"https:\/\/hosting.uandb.hu\/wp-content\/uploads\/2019\/04\/foodalikep-845x684.jpg","contentUrl":"https:\/\/hosting.uandb.hu\/wp-content\/uploads\/2019\/04\/foodalikep-845x684.jpg","width":845,"height":684},{"@type":"BreadcrumbList","@id":"https:\/\/hosting.uandb.hu\/en\/de-mit-is-jelent-az-hogy-jo-szinvonalu-lakas\/#breadcrumb","itemListElement":[{"@type":"ListItem","position":1,"name":"Kezd\u0151lap","item":"https:\/\/hosting.uandb.hu\/en\/"},{"@type":"ListItem","position":2,"name":"De mit is jelent az, hogy \u201cj\u00f3 sz\u00ednvonal\u00fa lak\u00e1s\u201d ?"}]},{"@type":"WebSite","@id":"https:\/\/hosting.uandb.hu\/#website","url":"https:\/\/hosting.uandb.hu\/","name":"U&amp;B Management","description":"R\u00f6vid t\u00e1v\u00fa lak\u00e1skiad\u00e1s","potentialAction":[{"@type":"SearchAction","target":{"@type":"EntryPoint","urlTemplate":"https:\/\/hosting.uandb.hu\/?s={search_term_string}"},"query-input":{"@type":"PropertyValueSpecification","valueRequired":true,"valueName":"search_term_string"}}],"inLanguage":"en-US"},{"@type":"Person","@id":"https:\/\/hosting.uandb.hu\/#\/schema\/person\/eb32322a0bb47855c9f5e35b8a8188e0","name":"fokezelo","image":{"@type":"ImageObject","inLanguage":"en-US","@id":"https:\/\/hosting.uandb.hu\/#\/schema\/person\/image\/","url":"https:\/\/secure.gravatar.com\/avatar\/44b382aeac9bebdba88dd79fba27813b?s=96&d=mm&r=g","contentUrl":"https:\/\/secure.gravatar.com\/avatar\/44b382aeac9bebdba88dd79fba27813b?s=96&d=mm&r=g","caption":"fokezelo"},"url":"https:\/\/hosting.uandb.hu\/en\/author\/fokezelo\/"}]}},"_links":{"self":[{"href":"https:\/\/hosting.uandb.hu\/en\/wp-json\/wp\/v2\/posts\/2420","targetHints":{"allow":["GET"]}}],"collection":[{"href":"https:\/\/hosting.uandb.hu\/en\/wp-json\/wp\/v2\/posts"}],"about":[{"href":"https:\/\/hosting.uandb.hu\/en\/wp-json\/wp\/v2\/types\/post"}],"author":[{"embeddable":true,"href":"https:\/\/hosting.uandb.hu\/en\/wp-json\/wp\/v2\/users\/1"}],"replies":[{"embeddable":true,"href":"https:\/\/hosting.uandb.hu\/en\/wp-json\/wp\/v2\/comments?post=2420"}],"version-history":[{"count":1,"href":"https:\/\/hosting.uandb.hu\/en\/wp-json\/wp\/v2\/posts\/2420\/revisions"}],"predecessor-version":[{"id":2422,"href":"https:\/\/hosting.uandb.hu\/en\/wp-json\/wp\/v2\/posts\/2420\/revisions\/2422"}],"wp:featuredmedia":[{"embeddable":true,"href":"https:\/\/hosting.uandb.hu\/en\/wp-json\/wp\/v2\/media\/2421"}],"wp:attachment":[{"href":"https:\/\/hosting.uandb.hu\/en\/wp-json\/wp\/v2\/media?parent=2420"}],"wp:term":[{"taxonomy":"category","embeddable":true,"href":"https:\/\/hosting.uandb.hu\/en\/wp-json\/wp\/v2\/categories?post=2420"},{"taxonomy":"post_tag","embeddable":true,"href":"https:\/\/hosting.uandb.hu\/en\/wp-json\/wp\/v2\/tags?post=2420"}],"curies":[{"name":"wp","href":"https:\/\/api.w.org\/{rel}","templated":true}]}}